{"id":68,"date":"2020-04-18T07:00:00","date_gmt":"2020-04-18T07:00:00","guid":{"rendered":"http:\/\/andresmanzanodesigner.com\/?p=68"},"modified":"2021-09-23T20:53:37","modified_gmt":"2021-09-24T01:53:37","slug":"el-disenador-diseno","status":"publish","type":"post","link":"https:\/\/andresmanzanodesigner.com\/en\/el-disenador-diseno\/biografia\/","title":{"rendered":"THE DESIGNER"},"content":{"rendered":"<div class=\"wp-block-image\"><figure class=\"aligncenter size-large is-resized\"><img fetchpriority=\"high\" decoding=\"async\" src=\"http:\/\/andresmanzanodesigner.com\/wp-content\/uploads\/2020\/04\/fotbio1-683x1024.jpg\" alt=\"Foto Andres Manzano 1\" class=\"wp-image-75\" width=\"217\" height=\"324\" srcset=\"https:\/\/andresmanzanodesigner.com\/wp-content\/uploads\/2020\/04\/fotbio1-683x1024.jpg 683w, https:\/\/andresmanzanodesigner.com\/wp-content\/uploads\/2020\/04\/fotbio1-200x300.jpg 200w, https:\/\/andresmanzanodesigner.com\/wp-content\/uploads\/2020\/04\/fotbio1-8x12.jpg 8w\" sizes=\"(max-width: 217px) 100vw, 217px\" \/><\/figure><\/div>\n\n\n\n<h2 class=\"wp-block-heading\">Biograf\u00eda.<\/h2>\n\n\n\n<div class=\"wp-block-group\"><div class=\"wp-block-group__inner-container is-layout-flow wp-block-group-is-layout-flow\">\n<p class=\"has-text-align-justify\">Andr\u00e9s Manzano es un dise\u00f1ador vers\u00e1til, se desenvuelve en m\u00faltiples estilos, ha trabajado en diferentes l\u00edneas de moda, los \u00faltimos a\u00f1os se ha especializado en el Pr\u00eat-\u00e0-Couture, en el campo laboral dentro del dise\u00f1o ha trabajado por 11 a\u00f1os, para empresas y como freelance.<\/p>\n<\/div><\/div>\n\n\n\n<figure class=\"wp-block-image size-large\"><img decoding=\"async\" width=\"750\" height=\"521\" src=\"https:\/\/andresmanzanodesigner.com\/wp-content\/uploads\/2020\/05\/figurines-addweb.jpg\" alt=\"\" class=\"wp-image-583\" srcset=\"https:\/\/andresmanzanodesigner.com\/wp-content\/uploads\/2020\/05\/figurines-addweb.jpg 750w, https:\/\/andresmanzanodesigner.com\/wp-content\/uploads\/2020\/05\/figurines-addweb-300x208.jpg 300w, https:\/\/andresmanzanodesigner.com\/wp-content\/uploads\/2020\/05\/figurines-addweb-18x12.jpg 18w, https:\/\/andresmanzanodesigner.com\/wp-content\/uploads\/2020\/05\/figurines-addweb-600x417.jpg 600w\" sizes=\"(max-width: 750px) 100vw, 750px\" \/><\/figure>\n\n\n\n<p class=\"has-text-align-justify\">Es Director Art\u00edstico en base a obtener un Master en Dise\u00f1o que le ha ayudado a realizar una b\u00fasqueda de su identidad creativa y manejar varias t\u00e9cnicas de innovaci\u00f3n, generando nuevos conceptos que tengan coherencia de manera formal, bajo las tendencias del arte y la cultura.<\/p>\n\n\n\n<p class=\"has-text-align-justify\">Ha utilizado como herramienta para gestar nuevos proyectos que abarquen un medio de expresi\u00f3n art\u00edstica, en el que puede aplicar su visi\u00f3n y est\u00e9tica, de esta manera poder dirigir equipos de dise\u00f1o, arte y producci\u00f3n, creando obras que contengan un cierto aspecto visual.<\/p>\n\n\n\n<figure class=\"wp-block-embed is-type-video is-provider-vimeo wp-block-embed-vimeo\"><div class=\"wp-block-embed__wrapper\">\n<iframe title=\"ADd  Collection\" src=\"https:\/\/player.vimeo.com\/video\/420576706?h=f26b55ff46&amp;dnt=1&amp;app_id=122963\" width=\"640\" height=\"424\" frameborder=\"0\" allow=\"autoplay; fullscreen; picture-in-picture\" allowfullscreen><\/iframe>\n<\/div><\/figure>\n\n\n\n<p class=\"has-text-align-justify\">Tiene conocimientos de Estilismo en Moda y Personal Shooper, por lo que cree que es necesario fusionar una rama m\u00e1s de la moda y de la imagen personal para reflejar una buena comunicaci\u00f3n visual en el desarrollo de un estilo es decir, saber elegir un look que comunique una idea, tendencia o un tema, tomando en cuenta la silueta de la persona.<\/p>\n\n\n\n<p>Por lo cual ha creado su propia <a href=\"https:\/\/andresmanzanodesigner.com\/en\/acerca-de-la-marca\/\">Marca<\/a> con su nombre <a href=\"https:\/\/andresmanzanodesigner.com\/en\/\">(ANDR\u00c9S &#8211; MANZANO)<\/a><\/p>\n\n\n\n<p>The principle goes:<\/p>\n\n\n\n<p>\u2018Everything around us, both in fashion and the world, is textile\u2019<\/p>\n\n\n\n<h2 class=\"wp-block-heading\">T\u00edtulos en Dise\u00f1o.<\/h2>\n\n\n\n<ul class=\"wp-block-list\"><li>M\u00e1ster. Director Art\u00edstico &#8211; Fashion Designer. <a href=\"https:\/\/www.elisava.net\/\" target=\"_blank\" rel=\"noreferrer noopener\">(ELISAVA)<\/a><\/li><\/ul>\n\n\n\n<ul class=\"wp-block-list\"><li>Especializaci\u00f3n. Estilismo en Moda y Asesor\u00eda de Imagen. <a href=\"https:\/\/www.artidi.com\/es\" target=\"_blank\" rel=\"noreferrer noopener\">(\u00c1RTIDI)<\/a><\/li><\/ul>\n\n\n\n<ul class=\"wp-block-list\"><li>Especializaci\u00f3n. Patronaje en Alta Costura. <a href=\"https:\/\/en.lcibarcelona.com\/\" target=\"_blank\" rel=\"noreferrer noopener\">(FELICIDAD DUCE &#8211; LCI)<\/a><\/li><\/ul>\n\n\n\n<p>Degrees obtained in Barcelona, Spain.<\/p>\n\n\n\n<ul class=\"wp-block-list\"><li>Graduado en Dise\u00f1o de Modas <a href=\"https:\/\/www.uazuay.edu.ec\/\" target=\"_blank\" rel=\"noreferrer noopener\">(UDA)<\/a> Cuenca \u2013 Ecuador.<\/li><\/ul>\n\n\n\n<figure class=\"wp-block-embed is-type-video is-provider-youtube wp-block-embed-youtube wp-embed-aspect-4-3 wp-has-aspect-ratio\"><div class=\"wp-block-embed__wrapper\">\n<iframe title=\"Desfile Elisava (ADd)\" width=\"1300\" height=\"975\" src=\"https:\/\/www.youtube.com\/embed\/TtjQ94b7_Ro?feature=oembed\" frameborder=\"0\" allow=\"accelerometer; autoplay; clipboard-write; encrypted-media; gyroscope; picture-in-picture\" allowfullscreen><\/iframe>\n<\/div><\/figure>","protected":false},"excerpt":{"rendered":"<p>Dise\u00f1ador, Andr\u00e9s Manzano, trayectoria. <\/p>","protected":false},"author":1,"featured_media":75,"comment_status":"closed","ping_status":"open","sticky":true,"template":"","format":"standard","meta":{"_monsterinsights_skip_tracking":false,"_monsterinsights_sitenote_active":false,"_monsterinsights_sitenote_note":"","_monsterinsights_sitenote_category":0,"footnotes":""},"categories":[6],"tags":[],"class_list":["post-68","post","type-post","status-publish","format-standard","has-post-thumbnail","hentry","category-biografia"],"yoast_head":"<!-- This site is optimized with the Yoast SEO plugin v27.5 - https:\/\/yoast.com\/product\/yoast-seo-wordpress\/ -->\n<title>El DISE\u00d1ADOR - Andr\u00e9s Manzano<\/title>\n<meta name=\"description\" content=\"Andr\u00e9s Manzano es un dise\u00f1ador vers\u00e1til, se desenvuelve en m\u00faltiples estilos, ha trabajado en diferentes l\u00edneas de moda y el dise\u00f1o, los \u00faltimos a\u00f1os se ha especializado en el Pr\u00eat-\u00e0-Couture.\" \/>\n<meta name=\"robots\" content=\"index, follow, max-snippet:-1, max-image-preview:large, max-video-preview:-1\" \/>\n<link rel=\"canonical\" href=\"https:\/\/andresmanzanodesigner.com\/en\/el-disenador-diseno\/biografia\/\" \/>\n<meta property=\"og:locale\" content=\"en_US\" \/>\n<meta property=\"og:type\" content=\"article\" \/>\n<meta property=\"og:title\" content=\"El DISE\u00d1ADOR - Andr\u00e9s Manzano\" \/>\n<meta property=\"og:description\" content=\"Andr\u00e9s Manzano es un dise\u00f1ador vers\u00e1til, se desenvuelve en m\u00faltiples estilos, ha trabajado en diferentes l\u00edneas de moda y el dise\u00f1o, los \u00faltimos a\u00f1os se ha especializado en el Pr\u00eat-\u00e0-Couture.\" \/>\n<meta property=\"og:url\" content=\"https:\/\/andresmanzanodesigner.com\/en\/el-disenador-diseno\/biografia\/\" \/>\n<meta property=\"og:site_name\" content=\"Andr\u00e9s Manzano\" \/>\n<meta property=\"article:publisher\" content=\"https:\/\/www.facebook.com\/andresmanzano.designer\/\" \/>\n<meta property=\"article:published_time\" content=\"2020-04-18T07:00:00+00:00\" \/>\n<meta property=\"article:modified_time\" content=\"2021-09-24T01:53:37+00:00\" \/>\n<meta property=\"og:image\" content=\"https:\/\/andresmanzanodesigner.com\/wp-content\/uploads\/2020\/04\/fotbio1.jpg\" \/>\n\t<meta property=\"og:image:width\" content=\"750\" \/>\n\t<meta property=\"og:image:height\" content=\"1125\" \/>\n\t<meta property=\"og:image:type\" content=\"image\/jpeg\" \/>\n<meta name=\"author\" content=\"Andres\" \/>\n<meta name=\"twitter:card\" content=\"summary_large_image\" \/>\n<meta name=\"twitter:creator\" content=\"@andres_manzano\" \/>\n<meta name=\"twitter:site\" content=\"@andres_manzano\" \/>\n<meta name=\"twitter:label1\" content=\"Written by\" \/>\n\t<meta name=\"twitter:data1\" content=\"Andres\" \/>\n\t<meta name=\"twitter:label2\" content=\"Est. reading time\" \/>\n\t<meta name=\"twitter:data2\" content=\"2 minutes\" \/>\n<script type=\"application\/ld+json\" class=\"yoast-schema-graph\">{\"@context\":\"https:\\\/\\\/schema.org\",\"@graph\":[{\"@type\":\"Article\",\"@id\":\"https:\\\/\\\/andresmanzanodesigner.com\\\/el-disenador-diseno\\\/biografia\\\/#article\",\"isPartOf\":{\"@id\":\"https:\\\/\\\/andresmanzanodesigner.com\\\/el-disenador-diseno\\\/biografia\\\/\"},\"author\":{\"name\":\"Andres\",\"@id\":\"https:\\\/\\\/andresmanzanodesigner.com\\\/#\\\/schema\\\/person\\\/84adeace8a966b9bc408111fb1b001ec\"},\"headline\":\"El DISE\u00d1ADOR\",\"datePublished\":\"2020-04-18T07:00:00+00:00\",\"dateModified\":\"2021-09-24T01:53:37+00:00\",\"mainEntityOfPage\":{\"@id\":\"https:\\\/\\\/andresmanzanodesigner.com\\\/el-disenador-diseno\\\/biografia\\\/\"},\"wordCount\":318,\"publisher\":{\"@id\":\"https:\\\/\\\/andresmanzanodesigner.com\\\/#organization\"},\"image\":{\"@id\":\"https:\\\/\\\/andresmanzanodesigner.com\\\/el-disenador-diseno\\\/biografia\\\/#primaryimage\"},\"thumbnailUrl\":\"https:\\\/\\\/andresmanzanodesigner.com\\\/wp-content\\\/uploads\\\/2020\\\/04\\\/fotbio1.jpg\",\"articleSection\":[\"Biograf\u00eda - El Dise\u00f1ador\"],\"inLanguage\":\"en-US\"},{\"@type\":\"WebPage\",\"@id\":\"https:\\\/\\\/andresmanzanodesigner.com\\\/el-disenador-diseno\\\/biografia\\\/\",\"url\":\"https:\\\/\\\/andresmanzanodesigner.com\\\/el-disenador-diseno\\\/biografia\\\/\",\"name\":\"El DISE\u00d1ADOR - Andr\u00e9s Manzano\",\"isPartOf\":{\"@id\":\"https:\\\/\\\/andresmanzanodesigner.com\\\/#website\"},\"primaryImageOfPage\":{\"@id\":\"https:\\\/\\\/andresmanzanodesigner.com\\\/el-disenador-diseno\\\/biografia\\\/#primaryimage\"},\"image\":{\"@id\":\"https:\\\/\\\/andresmanzanodesigner.com\\\/el-disenador-diseno\\\/biografia\\\/#primaryimage\"},\"thumbnailUrl\":\"https:\\\/\\\/andresmanzanodesigner.com\\\/wp-content\\\/uploads\\\/2020\\\/04\\\/fotbio1.jpg\",\"datePublished\":\"2020-04-18T07:00:00+00:00\",\"dateModified\":\"2021-09-24T01:53:37+00:00\",\"description\":\"Andr\u00e9s Manzano es un dise\u00f1ador vers\u00e1til, se desenvuelve en m\u00faltiples estilos, ha trabajado en diferentes l\u00edneas de moda y el dise\u00f1o, los \u00faltimos a\u00f1os se ha especializado en el Pr\u00eat-\u00e0-Couture.\",\"breadcrumb\":{\"@id\":\"https:\\\/\\\/andresmanzanodesigner.com\\\/el-disenador-diseno\\\/biografia\\\/#breadcrumb\"},\"inLanguage\":\"en-US\",\"potentialAction\":[{\"@type\":\"ReadAction\",\"target\":[\"https:\\\/\\\/andresmanzanodesigner.com\\\/el-disenador-diseno\\\/biografia\\\/\"]}]},{\"@type\":\"ImageObject\",\"inLanguage\":\"en-US\",\"@id\":\"https:\\\/\\\/andresmanzanodesigner.com\\\/el-disenador-diseno\\\/biografia\\\/#primaryimage\",\"url\":\"https:\\\/\\\/andresmanzanodesigner.com\\\/wp-content\\\/uploads\\\/2020\\\/04\\\/fotbio1.jpg\",\"contentUrl\":\"https:\\\/\\\/andresmanzanodesigner.com\\\/wp-content\\\/uploads\\\/2020\\\/04\\\/fotbio1.jpg\",\"width\":750,\"height\":1125,\"caption\":\"foto retrato\"},{\"@type\":\"BreadcrumbList\",\"@id\":\"https:\\\/\\\/andresmanzanodesigner.com\\\/el-disenador-diseno\\\/biografia\\\/#breadcrumb\",\"itemListElement\":[{\"@type\":\"ListItem\",\"position\":1,\"name\":\"Portada\",\"item\":\"https:\\\/\\\/andresmanzanodesigner.com\\\/\"},{\"@type\":\"ListItem\",\"position\":2,\"name\":\"El DISE\u00d1ADOR\"}]},{\"@type\":\"WebSite\",\"@id\":\"https:\\\/\\\/andresmanzanodesigner.com\\\/#website\",\"url\":\"https:\\\/\\\/andresmanzanodesigner.com\\\/\",\"name\":\"Andr\u00e9s Manzano\",\"description\":\"Designer\",\"publisher\":{\"@id\":\"https:\\\/\\\/andresmanzanodesigner.com\\\/#organization\"},\"potentialAction\":[{\"@type\":\"SearchAction\",\"target\":{\"@type\":\"EntryPoint\",\"urlTemplate\":\"https:\\\/\\\/andresmanzanodesigner.com\\\/?s={search_term_string}\"},\"query-input\":{\"@type\":\"PropertyValueSpecification\",\"valueRequired\":true,\"valueName\":\"search_term_string\"}}],\"inLanguage\":\"en-US\"},{\"@type\":\"Organization\",\"@id\":\"https:\\\/\\\/andresmanzanodesigner.com\\\/#organization\",\"name\":\"Andr\u00e9s Manzano Designer\",\"url\":\"https:\\\/\\\/andresmanzanodesigner.com\\\/\",\"logo\":{\"@type\":\"ImageObject\",\"inLanguage\":\"en-US\",\"@id\":\"https:\\\/\\\/andresmanzanodesigner.com\\\/#\\\/schema\\\/logo\\\/image\\\/\",\"url\":\"https:\\\/\\\/i0.wp.com\\\/andresmanzanodesigner.com\\\/wp-content\\\/uploads\\\/2020\\\/04\\\/logo2.am_.png?fit=812%2C259&ssl=1\",\"contentUrl\":\"https:\\\/\\\/i0.wp.com\\\/andresmanzanodesigner.com\\\/wp-content\\\/uploads\\\/2020\\\/04\\\/logo2.am_.png?fit=812%2C259&ssl=1\",\"width\":812,\"height\":259,\"caption\":\"Andr\u00e9s Manzano Designer\"},\"image\":{\"@id\":\"https:\\\/\\\/andresmanzanodesigner.com\\\/#\\\/schema\\\/logo\\\/image\\\/\"},\"sameAs\":[\"https:\\\/\\\/www.facebook.com\\\/andresmanzano.designer\\\/\",\"https:\\\/\\\/x.com\\\/andres_manzano\",\"https:\\\/\\\/www.instagram.com\\\/andresmanzano.designer\\\/\",\"https:\\\/\\\/www.linkedin.com\\\/in\\\/andr\u00e9s-manzano-80231047\\\/\",\"https:\\\/\\\/www.youtube.com\\\/channel\\\/UCdlvSH-ouPGzIOevFG1h46g?view_as=subscriber\"]},{\"@type\":\"Person\",\"@id\":\"https:\\\/\\\/andresmanzanodesigner.com\\\/#\\\/schema\\\/person\\\/84adeace8a966b9bc408111fb1b001ec\",\"name\":\"Andres\",\"image\":{\"@type\":\"ImageObject\",\"inLanguage\":\"en-US\",\"@id\":\"https:\\\/\\\/andresmanzanodesigner.com\\\/wp-content\\\/litespeed\\\/avatar\\\/4b59ebcd624e99c71c181fb721ab5f5d.jpg?ver=1777275613\",\"url\":\"https:\\\/\\\/andresmanzanodesigner.com\\\/wp-content\\\/litespeed\\\/avatar\\\/4b59ebcd624e99c71c181fb721ab5f5d.jpg?ver=1777275613\",\"contentUrl\":\"https:\\\/\\\/andresmanzanodesigner.com\\\/wp-content\\\/litespeed\\\/avatar\\\/4b59ebcd624e99c71c181fb721ab5f5d.jpg?ver=1777275613\",\"caption\":\"Andres\"},\"url\":\"https:\\\/\\\/andresmanzanodesigner.com\\\/en\\\/author\\\/andres\\\/\"}]}<\/script>\n<!-- \/ Yoast SEO plugin. -->","yoast_head_json":{"title":"El DISE\u00d1ADOR - Andr\u00e9s Manzano","description":"Andr\u00e9s Manzano es un dise\u00f1ador vers\u00e1til, se desenvuelve en m\u00faltiples estilos, ha trabajado en diferentes l\u00edneas de moda y el dise\u00f1o, los \u00faltimos a\u00f1os se ha especializado en el Pr\u00eat-\u00e0-Couture.","robots":{"index":"index","follow":"follow","max-snippet":"max-snippet:-1","max-image-preview":"max-image-preview:large","max-video-preview":"max-video-preview:-1"},"canonical":"https:\/\/andresmanzanodesigner.com\/en\/el-disenador-diseno\/biografia\/","og_locale":"en_US","og_type":"article","og_title":"El DISE\u00d1ADOR - Andr\u00e9s Manzano","og_description":"Andr\u00e9s Manzano es un dise\u00f1ador vers\u00e1til, se desenvuelve en m\u00faltiples estilos, ha trabajado en diferentes l\u00edneas de moda y el dise\u00f1o, los \u00faltimos a\u00f1os se ha especializado en el Pr\u00eat-\u00e0-Couture.","og_url":"https:\/\/andresmanzanodesigner.com\/en\/el-disenador-diseno\/biografia\/","og_site_name":"Andr\u00e9s Manzano","article_publisher":"https:\/\/www.facebook.com\/andresmanzano.designer\/","article_published_time":"2020-04-18T07:00:00+00:00","article_modified_time":"2021-09-24T01:53:37+00:00","og_image":[{"width":750,"height":1125,"url":"https:\/\/andresmanzanodesigner.com\/wp-content\/uploads\/2020\/04\/fotbio1.jpg","type":"image\/jpeg"}],"author":"Andres","twitter_card":"summary_large_image","twitter_creator":"@andres_manzano","twitter_site":"@andres_manzano","twitter_misc":{"Written by":"Andres","Est. reading time":"2 minutes"},"schema":{"@context":"https:\/\/schema.org","@graph":[{"@type":"Article","@id":"https:\/\/andresmanzanodesigner.com\/el-disenador-diseno\/biografia\/#article","isPartOf":{"@id":"https:\/\/andresmanzanodesigner.com\/el-disenador-diseno\/biografia\/"},"author":{"name":"Andres","@id":"https:\/\/andresmanzanodesigner.com\/#\/schema\/person\/84adeace8a966b9bc408111fb1b001ec"},"headline":"El DISE\u00d1ADOR","datePublished":"2020-04-18T07:00:00+00:00","dateModified":"2021-09-24T01:53:37+00:00","mainEntityOfPage":{"@id":"https:\/\/andresmanzanodesigner.com\/el-disenador-diseno\/biografia\/"},"wordCount":318,"publisher":{"@id":"https:\/\/andresmanzanodesigner.com\/#organization"},"image":{"@id":"https:\/\/andresmanzanodesigner.com\/el-disenador-diseno\/biografia\/#primaryimage"},"thumbnailUrl":"https:\/\/andresmanzanodesigner.com\/wp-content\/uploads\/2020\/04\/fotbio1.jpg","articleSection":["Biograf\u00eda - El Dise\u00f1ador"],"inLanguage":"en-US"},{"@type":"WebPage","@id":"https:\/\/andresmanzanodesigner.com\/el-disenador-diseno\/biografia\/","url":"https:\/\/andresmanzanodesigner.com\/el-disenador-diseno\/biografia\/","name":"El DISE\u00d1ADOR - Andr\u00e9s Manzano","isPartOf":{"@id":"https:\/\/andresmanzanodesigner.com\/#website"},"primaryImageOfPage":{"@id":"https:\/\/andresmanzanodesigner.com\/el-disenador-diseno\/biografia\/#primaryimage"},"image":{"@id":"https:\/\/andresmanzanodesigner.com\/el-disenador-diseno\/biografia\/#primaryimage"},"thumbnailUrl":"https:\/\/andresmanzanodesigner.com\/wp-content\/uploads\/2020\/04\/fotbio1.jpg","datePublished":"2020-04-18T07:00:00+00:00","dateModified":"2021-09-24T01:53:37+00:00","description":"Andr\u00e9s Manzano es un dise\u00f1ador vers\u00e1til, se desenvuelve en m\u00faltiples estilos, ha trabajado en diferentes l\u00edneas de moda y el dise\u00f1o, los \u00faltimos a\u00f1os se ha especializado en el Pr\u00eat-\u00e0-Couture.","breadcrumb":{"@id":"https:\/\/andresmanzanodesigner.com\/el-disenador-diseno\/biografia\/#breadcrumb"},"inLanguage":"en-US","potentialAction":[{"@type":"ReadAction","target":["https:\/\/andresmanzanodesigner.com\/el-disenador-diseno\/biografia\/"]}]},{"@type":"ImageObject","inLanguage":"en-US","@id":"https:\/\/andresmanzanodesigner.com\/el-disenador-diseno\/biografia\/#primaryimage","url":"https:\/\/andresmanzanodesigner.com\/wp-content\/uploads\/2020\/04\/fotbio1.jpg","contentUrl":"https:\/\/andresmanzanodesigner.com\/wp-content\/uploads\/2020\/04\/fotbio1.jpg","width":750,"height":1125,"caption":"foto retrato"},{"@type":"BreadcrumbList","@id":"https:\/\/andresmanzanodesigner.com\/el-disenador-diseno\/biografia\/#breadcrumb","itemListElement":[{"@type":"ListItem","position":1,"name":"Portada","item":"https:\/\/andresmanzanodesigner.com\/"},{"@type":"ListItem","position":2,"name":"El DISE\u00d1ADOR"}]},{"@type":"WebSite","@id":"https:\/\/andresmanzanodesigner.com\/#website","url":"https:\/\/andresmanzanodesigner.com\/","name":"Andr\u00e9s Manzano","description":"Designer","publisher":{"@id":"https:\/\/andresmanzanodesigner.com\/#organization"},"potentialAction":[{"@type":"SearchAction","target":{"@type":"EntryPoint","urlTemplate":"https:\/\/andresmanzanodesigner.com\/?s={search_term_string}"},"query-input":{"@type":"PropertyValueSpecification","valueRequired":true,"valueName":"search_term_string"}}],"inLanguage":"en-US"},{"@type":"Organization","@id":"https:\/\/andresmanzanodesigner.com\/#organization","name":"Andr\u00e9s Manzano Designer","url":"https:\/\/andresmanzanodesigner.com\/","logo":{"@type":"ImageObject","inLanguage":"en-US","@id":"https:\/\/andresmanzanodesigner.com\/#\/schema\/logo\/image\/","url":"https:\/\/i0.wp.com\/andresmanzanodesigner.com\/wp-content\/uploads\/2020\/04\/logo2.am_.png?fit=812%2C259&ssl=1","contentUrl":"https:\/\/i0.wp.com\/andresmanzanodesigner.com\/wp-content\/uploads\/2020\/04\/logo2.am_.png?fit=812%2C259&ssl=1","width":812,"height":259,"caption":"Andr\u00e9s Manzano Designer"},"image":{"@id":"https:\/\/andresmanzanodesigner.com\/#\/schema\/logo\/image\/"},"sameAs":["https:\/\/www.facebook.com\/andresmanzano.designer\/","https:\/\/x.com\/andres_manzano","https:\/\/www.instagram.com\/andresmanzano.designer\/","https:\/\/www.linkedin.com\/in\/andr\u00e9s-manzano-80231047\/","https:\/\/www.youtube.com\/channel\/UCdlvSH-ouPGzIOevFG1h46g?view_as=subscriber"]},{"@type":"Person","@id":"https:\/\/andresmanzanodesigner.com\/#\/schema\/person\/84adeace8a966b9bc408111fb1b001ec","name":"Andres","image":{"@type":"ImageObject","inLanguage":"en-US","@id":"https:\/\/andresmanzanodesigner.com\/wp-content\/litespeed\/avatar\/4b59ebcd624e99c71c181fb721ab5f5d.jpg?ver=1777275613","url":"https:\/\/andresmanzanodesigner.com\/wp-content\/litespeed\/avatar\/4b59ebcd624e99c71c181fb721ab5f5d.jpg?ver=1777275613","contentUrl":"https:\/\/andresmanzanodesigner.com\/wp-content\/litespeed\/avatar\/4b59ebcd624e99c71c181fb721ab5f5d.jpg?ver=1777275613","caption":"Andres"},"url":"https:\/\/andresmanzanodesigner.com\/en\/author\/andres\/"}]}},"_links":{"self":[{"href":"https:\/\/andresmanzanodesigner.com\/en\/wp-json\/wp\/v2\/posts\/68","targetHints":{"allow":["GET"]}}],"collection":[{"href":"https:\/\/andresmanzanodesigner.com\/en\/wp-json\/wp\/v2\/posts"}],"about":[{"href":"https:\/\/andresmanzanodesigner.com\/en\/wp-json\/wp\/v2\/types\/post"}],"author":[{"embeddable":true,"href":"https:\/\/andresmanzanodesigner.com\/en\/wp-json\/wp\/v2\/users\/1"}],"replies":[{"embeddable":true,"href":"https:\/\/andresmanzanodesigner.com\/en\/wp-json\/wp\/v2\/comments?post=68"}],"version-history":[{"count":44,"href":"https:\/\/andresmanzanodesigner.com\/en\/wp-json\/wp\/v2\/posts\/68\/revisions"}],"predecessor-version":[{"id":1300,"href":"https:\/\/andresmanzanodesigner.com\/en\/wp-json\/wp\/v2\/posts\/68\/revisions\/1300"}],"wp:featuredmedia":[{"embeddable":true,"href":"https:\/\/andresmanzanodesigner.com\/en\/wp-json\/wp\/v2\/media\/75"}],"wp:attachment":[{"href":"https:\/\/andresmanzanodesigner.com\/en\/wp-json\/wp\/v2\/media?parent=68"}],"wp:term":[{"taxonomy":"category","embeddable":true,"href":"https:\/\/andresmanzanodesigner.com\/en\/wp-json\/wp\/v2\/categories?post=68"},{"taxonomy":"post_tag","embeddable":true,"href":"https:\/\/andresmanzanodesigner.com\/en\/wp-json\/wp\/v2\/tags?post=68"}],"curies":[{"name":"wp","href":"https:\/\/api.w.org\/{rel}","templated":true}]}}